{"id":1882,"date":"2025-09-10T15:02:08","date_gmt":"2025-09-10T15:02:08","guid":{"rendered":"https:\/\/andersen-walschleben.de\/?p=1882"},"modified":"2025-09-10T15:05:44","modified_gmt":"2025-09-10T15:05:44","slug":"ein-maerchenhaftes-finale-der-projektwoche","status":"publish","type":"post","link":"https:\/\/andersen-walschleben.de\/?p=1882","title":{"rendered":"Ein m\u00e4rchenhaftes Finale der Projektwoche"},"content":{"rendered":"\t\t<div data-elementor-type=\"wp-post\" data-elementor-id=\"1882\" class=\"elementor elementor-1882\">\n\t\t\t\t<div class=\"elementor-element elementor-element-0b1d6b4 e-flex e-con-boxed e-con e-parent\" data-id=\"0b1d6b4\" data-element_type=\"container\" data-e-type=\"container\">\n\t\t\t\t\t<div class=\"e-con-inner\">\n\t\t\t\t<div class=\"elementor-element elementor-element-df5be8b elementor-widget elementor-widget-text-editor\" data-id=\"df5be8b\" data-element_type=\"widget\" data-e-type=\"widget\" data-widget_type=\"text-editor.default\">\n\t\t\t\t<div class=\"elementor-widget-container\">\n\t\t\t\t\t\t\t\t\t<p>Am Freitagvormittag endete unsere Projektwoche anl\u00e4sslich des 20. Namenstages mit der Fertigstellung der kreativen Arbeitsergebnisse in den Klassenr\u00e4umen. Zur Erfrischung gab es f\u00fcr jedes Kind ein Wassereis in der gro\u00dfen Hofpause \u2013 gesponsert von Edeka Schrot und liebevoll verteilt durch unsere Elternvertretung.<\/p>\t\t\t\t\t\t\t\t<\/div>\n\t\t\t\t<\/div>\n\t\t\t\t<div class=\"elementor-element elementor-element-8e62274 elementor-widget elementor-widget-image\" data-id=\"8e62274\" data-element_type=\"widget\" data-e-type=\"widget\" data-widget_type=\"image.default\">\n\t\t\t\t<div class=\"elementor-widget-container\">\n\t\t\t\t\t\t\t\t\t\t\t\t\t\t\t<img fetchpriority=\"high\" decoding=\"async\" width=\"832\" height=\"663\" src=\"https:\/\/andersen-walschleben.de\/wp-content\/uploads\/2025\/09\/IMG_8836-1024x816.jpeg\" class=\"attachment-large size-large wp-image-1849\" alt=\"\" srcset=\"https:\/\/andersen-walschleben.de\/wp-content\/uploads\/2025\/09\/IMG_8836-1024x816.jpeg 1024w, https:\/\/andersen-walschleben.de\/wp-content\/uploads\/2025\/09\/IMG_8836-300x239.jpeg 300w, https:\/\/andersen-walschleben.de\/wp-content\/uploads\/2025\/09\/IMG_8836-768x612.jpeg 768w, https:\/\/andersen-walschleben.de\/wp-content\/uploads\/2025\/09\/IMG_8836.jpeg 1053w\" sizes=\"(max-width: 832px) 100vw, 832px\" \/>\t\t\t\t\t\t\t\t\t\t\t\t\t\t\t<\/div>\n\t\t\t\t<\/div>\n\t\t\t\t\t<\/div>\n\t\t\t\t<\/div>\n\t\t<div class=\"elementor-element elementor-element-49dfb63 e-flex e-con-boxed e-con e-parent\" data-id=\"49dfb63\" data-element_type=\"container\" data-e-type=\"container\">\n\t\t\t\t\t<div class=\"e-con-inner\">\n\t\t\t\t<div class=\"elementor-element elementor-element-dbaf3c5 elementor-widget elementor-widget-text-editor\" data-id=\"dbaf3c5\" data-element_type=\"widget\" data-e-type=\"widget\" data-widget_type=\"text-editor.default\">\n\t\t\t\t<div class=\"elementor-widget-container\">\n\t\t\t\t\t\t\t\t\t<p>In der Turnhalle begeisterten unsere kleinen Schauspieler mit einer ausdrucksstarken Auff\u00fchrung des M\u00e4rchens \u201eDas h\u00e4ssliche Entlein\u201c. Musikeinlagen und Nebeleffekte sorgten f\u00fcr eine zauberhafte Atmosph\u00e4re.<\/p>\t\t\t\t\t\t\t\t<\/div>\n\t\t\t\t<\/div>\n\t\t\t\t<div class=\"elementor-element elementor-element-38b0ca8 elementor-widget elementor-widget-image\" data-id=\"38b0ca8\" data-element_type=\"widget\" data-e-type=\"widget\" data-widget_type=\"image.default\">\n\t\t\t\t<div class=\"elementor-widget-container\">\n\t\t\t\t\t\t\t\t\t\t\t\t\t\t\t<img decoding=\"async\" width=\"832\" height=\"800\" src=\"https:\/\/andersen-walschleben.de\/wp-content\/uploads\/2025\/09\/IMG_8838.jpeg\" class=\"attachment-large size-large wp-image-1851\" alt=\"\" srcset=\"https:\/\/andersen-walschleben.de\/wp-content\/uploads\/2025\/09\/IMG_8838.jpeg 903w, https:\/\/andersen-walschleben.de\/wp-content\/uploads\/2025\/09\/IMG_8838-300x288.jpeg 300w, https:\/\/andersen-walschleben.de\/wp-content\/uploads\/2025\/09\/IMG_8838-768x738.jpeg 768w\" sizes=\"(max-width: 832px) 100vw, 832px\" \/>\t\t\t\t\t\t\t\t\t\t\t\t\t\t\t<\/div>\n\t\t\t\t<\/div>\n\t\t\t\t<div class=\"elementor-element elementor-element-00c5a8f elementor-widget elementor-widget-image\" data-id=\"00c5a8f\" data-element_type=\"widget\" data-e-type=\"widget\" data-widget_type=\"image.default\">\n\t\t\t\t<div class=\"elementor-widget-container\">\n\t\t\t\t\t\t\t\t\t\t\t\t\t\t\t<img decoding=\"async\" width=\"832\" height=\"507\" src=\"https:\/\/andersen-walschleben.de\/wp-content\/uploads\/2025\/09\/IMG_8839-1024x624.jpeg\" class=\"attachment-large size-large wp-image-1852\" alt=\"\" srcset=\"https:\/\/andersen-walschleben.de\/wp-content\/uploads\/2025\/09\/IMG_8839-1024x624.jpeg 1024w, https:\/\/andersen-walschleben.de\/wp-content\/uploads\/2025\/09\/IMG_8839-300x183.jpeg 300w, https:\/\/andersen-walschleben.de\/wp-content\/uploads\/2025\/09\/IMG_8839-768x468.jpeg 768w, https:\/\/andersen-walschleben.de\/wp-content\/uploads\/2025\/09\/IMG_8839.jpeg 1206w\" sizes=\"(max-width: 832px) 100vw, 832px\" \/>\t\t\t\t\t\t\t\t\t\t\t\t\t\t\t<\/div>\n\t\t\t\t<\/div>\n\t\t\t\t<div class=\"elementor-element elementor-element-9bb1bc3 elementor-widget elementor-widget-text-editor\" data-id=\"9bb1bc3\" data-element_type=\"widget\" data-e-type=\"widget\" data-widget_type=\"text-editor.default\">\n\t\t\t\t<div class=\"elementor-widget-container\">\n\t\t\t\t\t\t\t\t\t<p>In einer kleinen Pause wurden unsere P\u00e4dagogen von den Elternvertretern mit einer Geburtstagstorte \u00fcberrascht \u2013 ein s\u00fc\u00dfer Dank zum Namenstag, der f\u00fcr strahlende Gesichter sorgte.<\/p>\t\t\t\t\t\t\t\t<\/div>\n\t\t\t\t<\/div>\n\t\t\t\t<div class=\"elementor-element elementor-element-144bedd elementor-widget elementor-widget-image\" data-id=\"144bedd\" data-element_type=\"widget\" data-e-type=\"widget\" data-widget_type=\"image.default\">\n\t\t\t\t<div class=\"elementor-widget-container\">\n\t\t\t\t\t\t\t\t\t\t\t\t\t\t\t<img loading=\"lazy\" decoding=\"async\" width=\"832\" height=\"887\" src=\"https:\/\/andersen-walschleben.de\/wp-content\/uploads\/2025\/09\/bb7ae216-da0f-41aa-8408-a3638ad5d4f3-961x1024.jpeg\" class=\"attachment-large size-large wp-image-1847\" alt=\"\" srcset=\"https:\/\/andersen-walschleben.de\/wp-content\/uploads\/2025\/09\/bb7ae216-da0f-41aa-8408-a3638ad5d4f3-961x1024.jpeg 961w, https:\/\/andersen-walschleben.de\/wp-content\/uploads\/2025\/09\/bb7ae216-da0f-41aa-8408-a3638ad5d4f3-281x300.jpeg 281w, https:\/\/andersen-walschleben.de\/wp-content\/uploads\/2025\/09\/bb7ae216-da0f-41aa-8408-a3638ad5d4f3-768x819.jpeg 768w, https:\/\/andersen-walschleben.de\/wp-content\/uploads\/2025\/09\/bb7ae216-da0f-41aa-8408-a3638ad5d4f3-1441x1536.jpeg 1441w, https:\/\/andersen-walschleben.de\/wp-content\/uploads\/2025\/09\/bb7ae216-da0f-41aa-8408-a3638ad5d4f3-360x385.jpeg 360w, https:\/\/andersen-walschleben.de\/wp-content\/uploads\/2025\/09\/bb7ae216-da0f-41aa-8408-a3638ad5d4f3.jpeg 1698w\" sizes=\"(max-width: 832px) 100vw, 832px\" \/>\t\t\t\t\t\t\t\t\t\t\t\t\t\t\t<\/div>\n\t\t\t\t<\/div>\n\t\t\t\t<div class=\"elementor-element elementor-element-87358d3 elementor-widget elementor-widget-text-editor\" data-id=\"87358d3\" data-element_type=\"widget\" data-e-type=\"widget\" data-widget_type=\"text-editor.default\">\n\t\t\t\t<div class=\"elementor-widget-container\">\n\t\t\t\t\t\t\t\t\t<p>Um 15 Uhr er\u00f6ffneten die Kinder mit dem neuen Schulsong die Feierlichkeiten. Nach der Rede der Schulleiterin Frau Lappe gratulierte auch der B\u00fcrgermeister Herr Bube pers\u00f6nlich und \u00fcberreichte eine Spende f\u00fcr den F\u00f6rderverein.<\/p>\t\t\t\t\t\t\t\t<\/div>\n\t\t\t\t<\/div>\n\t\t\t\t<div class=\"elementor-element elementor-element-6648d98 elementor-widget elementor-widget-image\" data-id=\"6648d98\" data-element_type=\"widget\" data-e-type=\"widget\" data-widget_type=\"image.default\">\n\t\t\t\t<div class=\"elementor-widget-container\">\n\t\t\t\t\t\t\t\t\t\t\t\t\t\t\t<img loading=\"lazy\" decoding=\"async\" width=\"728\" height=\"1024\" src=\"https:\/\/andersen-walschleben.de\/wp-content\/uploads\/2025\/09\/IMG_8826-728x1024.jpeg\" class=\"attachment-large size-large wp-image-1837\" alt=\"\" srcset=\"https:\/\/andersen-walschleben.de\/wp-content\/uploads\/2025\/09\/IMG_8826-728x1024.jpeg 728w, https:\/\/andersen-walschleben.de\/wp-content\/uploads\/2025\/09\/IMG_8826-213x300.jpeg 213w, https:\/\/andersen-walschleben.de\/wp-content\/uploads\/2025\/09\/IMG_8826-768x1080.jpeg 768w, https:\/\/andersen-walschleben.de\/wp-content\/uploads\/2025\/09\/IMG_8826.jpeg 1012w\" sizes=\"(max-width: 728px) 100vw, 728px\" \/>\t\t\t\t\t\t\t\t\t\t\t\t\t\t\t<\/div>\n\t\t\t\t<\/div>\n\t\t\t\t<div class=\"elementor-element elementor-element-a73b1d8 elementor-widget elementor-widget-text-editor\" data-id=\"a73b1d8\" data-element_type=\"widget\" data-e-type=\"widget\" data-widget_type=\"text-editor.default\">\n\t\t\t\t<div class=\"elementor-widget-container\">\n\t\t\t\t\t\t\t\t\t<p>Danach warteten viele m\u00e4rchenhafte Stationen auf die Kinder: Kinderschminken, Str\u00e4hnen flechten, M\u00e4rchensport, Gl\u00fccksrad und kreative Lesezeichen. Die neue Pausenbank, ein Geschenk der B\u00fcrgermeister, wurde mit bunten Fingerabdr\u00fccken der Kinder gestaltet \u2013 ein bleibendes Symbol f\u00fcr Gemeinschaft.<\/p>\t\t\t\t\t\t\t\t<\/div>\n\t\t\t\t<\/div>\n\t\t\t\t<div class=\"elementor-element elementor-element-cb4e08e elementor-widget elementor-widget-image\" data-id=\"cb4e08e\" data-element_type=\"widget\" data-e-type=\"widget\" data-widget_type=\"image.default\">\n\t\t\t\t<div class=\"elementor-widget-container\">\n\t\t\t\t\t\t\t\t\t\t\t\t\t\t\t<img loading=\"lazy\" decoding=\"async\" width=\"832\" height=\"454\" src=\"https:\/\/andersen-walschleben.de\/wp-content\/uploads\/2025\/09\/IMG_8828-1024x559.jpeg\" class=\"attachment-large size-large wp-image-1838\" alt=\"\" srcset=\"https:\/\/andersen-walschleben.de\/wp-content\/uploads\/2025\/09\/IMG_8828-1024x559.jpeg 1024w, https:\/\/andersen-walschleben.de\/wp-content\/uploads\/2025\/09\/IMG_8828-300x164.jpeg 300w, https:\/\/andersen-walschleben.de\/wp-content\/uploads\/2025\/09\/IMG_8828-768x419.jpeg 768w, https:\/\/andersen-walschleben.de\/wp-content\/uploads\/2025\/09\/IMG_8828.jpeg 1206w\" sizes=\"(max-width: 832px) 100vw, 832px\" \/>\t\t\t\t\t\t\t\t\t\t\t\t\t\t\t<\/div>\n\t\t\t\t<\/div>\n\t\t\t\t<div class=\"elementor-element elementor-element-ffa91fd elementor-widget elementor-widget-image\" data-id=\"ffa91fd\" data-element_type=\"widget\" data-e-type=\"widget\" data-widget_type=\"image.default\">\n\t\t\t\t<div class=\"elementor-widget-container\">\n\t\t\t\t\t\t\t\t\t\t\t\t\t\t\t<img loading=\"lazy\" decoding=\"async\" width=\"832\" height=\"968\" src=\"https:\/\/andersen-walschleben.de\/wp-content\/uploads\/2025\/09\/IMG_8829-880x1024.jpeg\" class=\"attachment-large size-large wp-image-1839\" alt=\"\" srcset=\"https:\/\/andersen-walschleben.de\/wp-content\/uploads\/2025\/09\/IMG_8829-880x1024.jpeg 880w, https:\/\/andersen-walschleben.de\/wp-content\/uploads\/2025\/09\/IMG_8829-258x300.jpeg 258w, https:\/\/andersen-walschleben.de\/wp-content\/uploads\/2025\/09\/IMG_8829-768x894.jpeg 768w, https:\/\/andersen-walschleben.de\/wp-content\/uploads\/2025\/09\/IMG_8829.jpeg 1206w\" sizes=\"(max-width: 832px) 100vw, 832px\" \/>\t\t\t\t\t\t\t\t\t\t\t\t\t\t\t<\/div>\n\t\t\t\t<\/div>\n\t\t\t\t<div class=\"elementor-element elementor-element-97c6eaf elementor-widget elementor-widget-image\" data-id=\"97c6eaf\" data-element_type=\"widget\" data-e-type=\"widget\" data-widget_type=\"image.default\">\n\t\t\t\t<div class=\"elementor-widget-container\">\n\t\t\t\t\t\t\t\t\t\t\t\t<figure class=\"wp-caption\">\n\t\t\t\t\t\t\t\t\t\t<img loading=\"lazy\" decoding=\"async\" width=\"671\" height=\"1024\" src=\"https:\/\/andersen-walschleben.de\/wp-content\/uploads\/2025\/09\/IMG_8830-671x1024.jpeg\" class=\"attachment-large size-large wp-image-1840\" alt=\"\" srcset=\"https:\/\/andersen-walschleben.de\/wp-content\/uploads\/2025\/09\/IMG_8830-671x1024.jpeg 671w, https:\/\/andersen-walschleben.de\/wp-content\/uploads\/2025\/09\/IMG_8830-197x300.jpeg 197w, https:\/\/andersen-walschleben.de\/wp-content\/uploads\/2025\/09\/IMG_8830-768x1172.jpeg 768w, https:\/\/andersen-walschleben.de\/wp-content\/uploads\/2025\/09\/IMG_8830.jpeg 958w\" sizes=\"(max-width: 671px) 100vw, 671px\" \/>\t\t\t\t\t\t\t\t\t\t\t<figcaption class=\"widget-image-caption wp-caption-text\">Bild vom Elch-Report<\/figcaption>\n\t\t\t\t\t\t\t\t\t\t<\/figure>\n\t\t\t\t\t\t\t\t\t<\/div>\n\t\t\t\t<\/div>\n\t\t\t\t<div class=\"elementor-element elementor-element-08ff43a elementor-widget elementor-widget-text-editor\" data-id=\"08ff43a\" data-element_type=\"widget\" data-e-type=\"widget\" data-widget_type=\"text-editor.default\">\n\t\t\t\t<div class=\"elementor-widget-container\">\n\t\t\t\t\t\t\t\t\t<p>F\u00fcr das leibliche Wohl sorgte das Elternkaffee mit Kuchen und k\u00fchlen Getr\u00e4nken aus dem gesponserten K\u00fchlanh\u00e4nger, ein Eiswagen und sogar eine Gulaschkanone \u2013 alles liebevoll organisiert von unseren engagierten Eltern.<\/p>\t\t\t\t\t\t\t\t<\/div>\n\t\t\t\t<\/div>\n\t\t\t\t<div class=\"elementor-element elementor-element-1fddb92 elementor-widget elementor-widget-image\" data-id=\"1fddb92\" data-element_type=\"widget\" data-e-type=\"widget\" data-widget_type=\"image.default\">\n\t\t\t\t<div class=\"elementor-widget-container\">\n\t\t\t\t\t\t\t\t\t\t\t\t\t\t\t<img loading=\"lazy\" decoding=\"async\" width=\"768\" height=\"1024\" src=\"https:\/\/andersen-walschleben.de\/wp-content\/uploads\/2025\/09\/d2f740e2-ddde-45de-9945-b2d959b1d28d-768x1024.jpeg\" class=\"attachment-large size-large wp-image-1848\" alt=\"\" srcset=\"https:\/\/andersen-walschleben.de\/wp-content\/uploads\/2025\/09\/d2f740e2-ddde-45de-9945-b2d959b1d28d-768x1024.jpeg 768w, https:\/\/andersen-walschleben.de\/wp-content\/uploads\/2025\/09\/d2f740e2-ddde-45de-9945-b2d959b1d28d-225x300.jpeg 225w, https:\/\/andersen-walschleben.de\/wp-content\/uploads\/2025\/09\/d2f740e2-ddde-45de-9945-b2d959b1d28d-1152x1536.jpeg 1152w, https:\/\/andersen-walschleben.de\/wp-content\/uploads\/2025\/09\/d2f740e2-ddde-45de-9945-b2d959b1d28d.jpeg 1536w\" sizes=\"(max-width: 768px) 100vw, 768px\" \/>\t\t\t\t\t\t\t\t\t\t\t\t\t\t\t<\/div>\n\t\t\t\t<\/div>\n\t\t\t\t<div class=\"elementor-element elementor-element-9d829d8 elementor-widget elementor-widget-text-editor\" data-id=\"9d829d8\" data-element_type=\"widget\" data-e-type=\"widget\" data-widget_type=\"text-editor.default\">\n\t\t\t\t<div class=\"elementor-widget-container\">\n\t\t\t\t\t\t\t\t\t<p>Die M\u00e4rchenrallye f\u00fchrte durch das Schulhaus und bot spannende Einblicke in die Projektarbeit. Besucher bestaunten die neu gestalteten Bilderrahmen und nutzten die Gelegenheit zur Schulhausbesichtigung \u2013 darunter auch viele ehemalige Kolleginnen.<\/p>\t\t\t\t\t\t\t\t<\/div>\n\t\t\t\t<\/div>\n\t\t\t\t<div class=\"elementor-element elementor-element-97f3734 elementor-widget elementor-widget-image\" data-id=\"97f3734\" data-element_type=\"widget\" data-e-type=\"widget\" data-widget_type=\"image.default\">\n\t\t\t\t<div class=\"elementor-widget-container\">\n\t\t\t\t\t\t\t\t\t\t\t\t\t\t\t<img loading=\"lazy\" decoding=\"async\" width=\"832\" height=\"598\" src=\"https:\/\/andersen-walschleben.de\/wp-content\/uploads\/2025\/09\/IMG_8845-1024x736.jpeg\" class=\"attachment-large size-large wp-image-1854\" alt=\"\" srcset=\"https:\/\/andersen-walschleben.de\/wp-content\/uploads\/2025\/09\/IMG_8845-1024x736.jpeg 1024w, https:\/\/andersen-walschleben.de\/wp-content\/uploads\/2025\/09\/IMG_8845-300x216.jpeg 300w, https:\/\/andersen-walschleben.de\/wp-content\/uploads\/2025\/09\/IMG_8845-768x552.jpeg 768w, https:\/\/andersen-walschleben.de\/wp-content\/uploads\/2025\/09\/IMG_8845.jpeg 1206w\" sizes=\"(max-width: 832px) 100vw, 832px\" \/>\t\t\t\t\t\t\t\t\t\t\t\t\t\t\t<\/div>\n\t\t\t\t<\/div>\n\t\t\t\t<div class=\"elementor-element elementor-element-f5e3bdc elementor-widget elementor-widget-image\" data-id=\"f5e3bdc\" data-element_type=\"widget\" data-e-type=\"widget\" data-widget_type=\"image.default\">\n\t\t\t\t<div class=\"elementor-widget-container\">\n\t\t\t\t\t\t\t\t\t\t\t\t\t\t\t<img loading=\"lazy\" decoding=\"async\" width=\"832\" height=\"452\" src=\"https:\/\/andersen-walschleben.de\/wp-content\/uploads\/2025\/09\/IMG_8840-1024x556.jpeg\" class=\"attachment-large size-large wp-image-1853\" alt=\"\" srcset=\"https:\/\/andersen-walschleben.de\/wp-content\/uploads\/2025\/09\/IMG_8840-1024x556.jpeg 1024w, https:\/\/andersen-walschleben.de\/wp-content\/uploads\/2025\/09\/IMG_8840-300x163.jpeg 300w, https:\/\/andersen-walschleben.de\/wp-content\/uploads\/2025\/09\/IMG_8840-768x417.jpeg 768w, https:\/\/andersen-walschleben.de\/wp-content\/uploads\/2025\/09\/IMG_8840.jpeg 1206w\" sizes=\"(max-width: 832px) 100vw, 832px\" \/>\t\t\t\t\t\t\t\t\t\t\t\t\t\t\t<\/div>\n\t\t\t\t<\/div>\n\t\t\t\t<div class=\"elementor-element elementor-element-88064f6 elementor-widget elementor-widget-image\" data-id=\"88064f6\" data-element_type=\"widget\" data-e-type=\"widget\" data-widget_type=\"image.default\">\n\t\t\t\t<div class=\"elementor-widget-container\">\n\t\t\t\t\t\t\t\t\t\t\t\t\t\t\t<img loading=\"lazy\" decoding=\"async\" width=\"832\" height=\"587\" src=\"https:\/\/andersen-walschleben.de\/wp-content\/uploads\/2025\/09\/IMG_8843-1024x722.jpeg\" class=\"attachment-large size-large wp-image-1855\" alt=\"\" srcset=\"https:\/\/andersen-walschleben.de\/wp-content\/uploads\/2025\/09\/IMG_8843-1024x722.jpeg 1024w, https:\/\/andersen-walschleben.de\/wp-content\/uploads\/2025\/09\/IMG_8843-300x211.jpeg 300w, https:\/\/andersen-walschleben.de\/wp-content\/uploads\/2025\/09\/IMG_8843-768x541.jpeg 768w, https:\/\/andersen-walschleben.de\/wp-content\/uploads\/2025\/09\/IMG_8843.jpeg 1206w\" sizes=\"(max-width: 832px) 100vw, 832px\" \/>\t\t\t\t\t\t\t\t\t\t\t\t\t\t\t<\/div>\n\t\t\t\t<\/div>\n\t\t\t\t<div class=\"elementor-element elementor-element-bc1cf68 elementor-widget elementor-widget-image\" data-id=\"bc1cf68\" data-element_type=\"widget\" data-e-type=\"widget\" data-widget_type=\"image.default\">\n\t\t\t\t<div class=\"elementor-widget-container\">\n\t\t\t\t\t\t\t\t\t\t\t\t\t\t\t<img loading=\"lazy\" decoding=\"async\" width=\"832\" height=\"574\" src=\"https:\/\/andersen-walschleben.de\/wp-content\/uploads\/2025\/09\/IMG_8852.jpeg\" class=\"attachment-large size-large wp-image-1864\" alt=\"\" srcset=\"https:\/\/andersen-walschleben.de\/wp-content\/uploads\/2025\/09\/IMG_8852.jpeg 1024w, https:\/\/andersen-walschleben.de\/wp-content\/uploads\/2025\/09\/IMG_8852-300x207.jpeg 300w, https:\/\/andersen-walschleben.de\/wp-content\/uploads\/2025\/09\/IMG_8852-768x530.jpeg 768w\" sizes=\"(max-width: 832px) 100vw, 832px\" \/>\t\t\t\t\t\t\t\t\t\t\t\t\t\t\t<\/div>\n\t\t\t\t<\/div>\n\t\t\t\t<div class=\"elementor-element elementor-element-ea780c1 elementor-widget elementor-widget-text-editor\" data-id=\"ea780c1\" data-element_type=\"widget\" data-e-type=\"widget\" data-widget_type=\"text-editor.default\">\n\t\t\t\t<div class=\"elementor-widget-container\">\n\t\t\t\t\t\t\t\t\t<p>Ein besonderes Highlight war die M\u00e4rchenmodenschau, bei der die Kinder ihre selbst entworfenen Kost\u00fcme stolz pr\u00e4sentierten. Zum Abschluss stiegen Heliumballons mit Kinderw\u00fcnschen in den Himmel \u2013 ein bewegender Moment.<\/p>\t\t\t\t\t\t\t\t<\/div>\n\t\t\t\t<\/div>\n\t\t\t\t<div class=\"elementor-element elementor-element-bc3aa32 elementor-widget elementor-widget-image\" data-id=\"bc3aa32\" data-element_type=\"widget\" data-e-type=\"widget\" data-widget_type=\"image.default\">\n\t\t\t\t<div class=\"elementor-widget-container\">\n\t\t\t\t\t\t\t\t\t\t\t\t\t\t\t<img loading=\"lazy\" decoding=\"async\" width=\"463\" height=\"847\" src=\"https:\/\/andersen-walschleben.de\/wp-content\/uploads\/2025\/09\/IMG_8860.jpeg\" class=\"attachment-large size-large wp-image-1870\" alt=\"\" srcset=\"https:\/\/andersen-walschleben.de\/wp-content\/uploads\/2025\/09\/IMG_8860.jpeg 463w, https:\/\/andersen-walschleben.de\/wp-content\/uploads\/2025\/09\/IMG_8860-164x300.jpeg 164w\" sizes=\"(max-width: 463px) 100vw, 463px\" \/>\t\t\t\t\t\t\t\t\t\t\t\t\t\t\t<\/div>\n\t\t\t\t<\/div>\n\t\t\t\t<div class=\"elementor-element elementor-element-3978958 elementor-widget elementor-widget-image\" data-id=\"3978958\" data-element_type=\"widget\" data-e-type=\"widget\" data-widget_type=\"image.default\">\n\t\t\t\t<div class=\"elementor-widget-container\">\n\t\t\t\t\t\t\t\t\t\t\t\t\t\t\t<img loading=\"lazy\" decoding=\"async\" width=\"816\" height=\"1024\" src=\"https:\/\/andersen-walschleben.de\/wp-content\/uploads\/2025\/09\/Bildschirmfoto-2025-09-10-um-16.31.38-1-816x1024.png\" class=\"attachment-large size-large wp-image-1869\" alt=\"\" srcset=\"https:\/\/andersen-walschleben.de\/wp-content\/uploads\/2025\/09\/Bildschirmfoto-2025-09-10-um-16.31.38-1-816x1024.png 816w, https:\/\/andersen-walschleben.de\/wp-content\/uploads\/2025\/09\/Bildschirmfoto-2025-09-10-um-16.31.38-1-239x300.png 239w, https:\/\/andersen-walschleben.de\/wp-content\/uploads\/2025\/09\/Bildschirmfoto-2025-09-10-um-16.31.38-1-768x963.png 768w, https:\/\/andersen-walschleben.de\/wp-content\/uploads\/2025\/09\/Bildschirmfoto-2025-09-10-um-16.31.38-1.png 888w\" sizes=\"(max-width: 816px) 100vw, 816px\" \/>\t\t\t\t\t\t\t\t\t\t\t\t\t\t\t<\/div>\n\t\t\t\t<\/div>\n\t\t\t\t<div class=\"elementor-element elementor-element-40be0b9 elementor-widget elementor-widget-image\" data-id=\"40be0b9\" data-element_type=\"widget\" data-e-type=\"widget\" data-widget_type=\"image.default\">\n\t\t\t\t<div class=\"elementor-widget-container\">\n\t\t\t\t\t\t\t\t\t\t\t\t\t\t\t<img loading=\"lazy\" decoding=\"async\" width=\"227\" height=\"1024\" src=\"https:\/\/andersen-walschleben.de\/wp-content\/uploads\/2025\/09\/IMG_8862-227x1024.jpeg\" class=\"attachment-large size-large wp-image-1878\" alt=\"\" srcset=\"https:\/\/andersen-walschleben.de\/wp-content\/uploads\/2025\/09\/IMG_8862-227x1024.jpeg 227w, https:\/\/andersen-walschleben.de\/wp-content\/uploads\/2025\/09\/IMG_8862.jpeg 274w\" sizes=\"(max-width: 227px) 100vw, 227px\" \/>\t\t\t\t\t\t\t\t\t\t\t\t\t\t\t<\/div>\n\t\t\t\t<\/div>\n\t\t\t\t<div class=\"elementor-element elementor-element-8900473 elementor-widget elementor-widget-image\" data-id=\"8900473\" data-element_type=\"widget\" data-e-type=\"widget\" data-widget_type=\"image.default\">\n\t\t\t\t<div class=\"elementor-widget-container\">\n\t\t\t\t\t\t\t\t\t\t\t\t\t\t\t<img loading=\"lazy\" decoding=\"async\" width=\"497\" height=\"1024\" src=\"https:\/\/andersen-walschleben.de\/wp-content\/uploads\/2025\/09\/Bildschirmfoto-2025-09-10-um-16.40.53-497x1024.png\" class=\"attachment-large size-large wp-image-1871\" alt=\"\" srcset=\"https:\/\/andersen-walschleben.de\/wp-content\/uploads\/2025\/09\/Bildschirmfoto-2025-09-10-um-16.40.53-497x1024.png 497w, https:\/\/andersen-walschleben.de\/wp-content\/uploads\/2025\/09\/Bildschirmfoto-2025-09-10-um-16.40.53-146x300.png 146w, https:\/\/andersen-walschleben.de\/wp-content\/uploads\/2025\/09\/Bildschirmfoto-2025-09-10-um-16.40.53.png 572w\" sizes=\"(max-width: 497px) 100vw, 497px\" \/>\t\t\t\t\t\t\t\t\t\t\t\t\t\t\t<\/div>\n\t\t\t\t<\/div>\n\t\t\t\t<div class=\"elementor-element elementor-element-d1c7fb2 elementor-widget elementor-widget-image\" data-id=\"d1c7fb2\" data-element_type=\"widget\" data-e-type=\"widget\" data-widget_type=\"image.default\">\n\t\t\t\t<div class=\"elementor-widget-container\">\n\t\t\t\t\t\t\t\t\t\t\t\t\t\t\t<img loading=\"lazy\" decoding=\"async\" width=\"461\" height=\"1024\" src=\"https:\/\/andersen-walschleben.de\/wp-content\/uploads\/2025\/09\/Bildschirmfoto-2025-09-10-um-16.43.08-461x1024.png\" class=\"attachment-large size-large wp-image-1872\" alt=\"\" srcset=\"https:\/\/andersen-walschleben.de\/wp-content\/uploads\/2025\/09\/Bildschirmfoto-2025-09-10-um-16.43.08-461x1024.png 461w, https:\/\/andersen-walschleben.de\/wp-content\/uploads\/2025\/09\/Bildschirmfoto-2025-09-10-um-16.43.08-135x300.png 135w, https:\/\/andersen-walschleben.de\/wp-content\/uploads\/2025\/09\/Bildschirmfoto-2025-09-10-um-16.43.08.png 502w\" sizes=\"(max-width: 461px) 100vw, 461px\" \/>\t\t\t\t\t\t\t\t\t\t\t\t\t\t\t<\/div>\n\t\t\t\t<\/div>\n\t\t\t\t<div class=\"elementor-element elementor-element-358d14d elementor-widget elementor-widget-image\" data-id=\"358d14d\" data-element_type=\"widget\" data-e-type=\"widget\" data-widget_type=\"image.default\">\n\t\t\t\t<div class=\"elementor-widget-container\">\n\t\t\t\t\t\t\t\t\t\t\t\t\t\t\t<img loading=\"lazy\" decoding=\"async\" width=\"832\" height=\"590\" src=\"https:\/\/andersen-walschleben.de\/wp-content\/uploads\/2025\/09\/IMG_8827-1024x726.jpeg\" class=\"attachment-large size-large wp-image-1873\" alt=\"\" srcset=\"https:\/\/andersen-walschleben.de\/wp-content\/uploads\/2025\/09\/IMG_8827-1024x726.jpeg 1024w, https:\/\/andersen-walschleben.de\/wp-content\/uploads\/2025\/09\/IMG_8827-300x213.jpeg 300w, https:\/\/andersen-walschleben.de\/wp-content\/uploads\/2025\/09\/IMG_8827-768x544.jpeg 768w, https:\/\/andersen-walschleben.de\/wp-content\/uploads\/2025\/09\/IMG_8827.jpeg 1206w\" sizes=\"(max-width: 832px) 100vw, 832px\" \/>\t\t\t\t\t\t\t\t\t\t\t\t\t\t\t<\/div>\n\t\t\t\t<\/div>\n\t\t\t\t\t<\/div>\n\t\t\t\t<\/div>\n\t\t<div class=\"elementor-element elementor-element-77df858 e-flex e-con-boxed e-con e-parent\" data-id=\"77df858\" data-element_type=\"container\" data-e-type=\"container\">\n\t\t\t\t\t<div class=\"e-con-inner\">\n\t\t\t\t<div class=\"elementor-element elementor-element-82c4321 elementor-widget elementor-widget-text-editor\" data-id=\"82c4321\" data-element_type=\"widget\" data-e-type=\"widget\" data-widget_type=\"text-editor.default\">\n\t\t\t\t<div class=\"elementor-widget-container\">\n\t\t\t\t\t\t\t\t\t<p>Wir danken allen Eltern, der Elternvertretung, den B\u00fcrgermeistern, den Sponsoren und unserem gro\u00dfartigen Team f\u00fcr die tatkr\u00e4ftige Unterst\u00fctzung, die kreative Energie und die liebevolle Gestaltung dieses unvergesslichen Tages.<\/p><p>Ein besonderer Dank geht an Frau Krebs, die diesen Tag in Bild und Film festgehalten hat \u2013 so bleibt die Erinnerung lebendig.<\/p>\t\t\t\t\t\t\t\t<\/div>\n\t\t\t\t<\/div>\n\t\t\t\t\t<\/div>\n\t\t\t\t<\/div>\n\t\t\t\t<\/div>\n\t\t","protected":false},"excerpt":{"rendered":"<p>Am Freitagvormittag endete unsere Projektwoche anl\u00e4sslich des 20. Namenstages mit der Fertigstellung der kreativen Arbeitsergebnisse in den Klassenr\u00e4umen. Zur Erfrischung gab es f\u00fcr jedes Kind ein Wassereis in der gro\u00dfen Hofpause \u2013 gesponsert von Edeka Schrot und liebevoll verteilt durch &hellip; <\/p>\n","protected":false},"author":3,"featured_media":1877,"comment_status":"closed","ping_status":"closed","sticky":false,"template":"","format":"standard","meta":{"footnotes":""},"categories":[1],"tags":[],"ppma_author":[6],"class_list":["post-1882","post","type-post","status-publish","format-standard","has-post-thumbnail","hentry","category-uncategorized"],"authors":[{"term_id":6,"user_id":3,"is_guest":0,"slug":"cleffler","display_name":"C.L.","avatar_url":"https:\/\/secure.gravatar.com\/avatar\/988666caf551da60a0779ed38b2a51b1599a8a22dcef5645c498d509df4514fd?s=96&d=mm&r=g","0":null,"1":"","2":"","3":"","4":"","5":"","6":"","7":"","8":""}],"_links":{"self":[{"href":"https:\/\/andersen-walschleben.de\/index.php?rest_route=\/wp\/v2\/posts\/1882","targetHints":{"allow":["GET"]}}],"collection":[{"href":"https:\/\/andersen-walschleben.de\/index.php?rest_route=\/wp\/v2\/posts"}],"about":[{"href":"https:\/\/andersen-walschleben.de\/index.php?rest_route=\/wp\/v2\/types\/post"}],"author":[{"embeddable":true,"href":"https:\/\/andersen-walschleben.de\/index.php?rest_route=\/wp\/v2\/users\/3"}],"replies":[{"embeddable":true,"href":"https:\/\/andersen-walschleben.de\/index.php?rest_route=%2Fwp%2Fv2%2Fcomments&post=1882"}],"version-history":[{"count":19,"href":"https:\/\/andersen-walschleben.de\/index.php?rest_route=\/wp\/v2\/posts\/1882\/revisions"}],"predecessor-version":[{"id":1901,"href":"https:\/\/andersen-walschleben.de\/index.php?rest_route=\/wp\/v2\/posts\/1882\/revisions\/1901"}],"wp:featuredmedia":[{"embeddable":true,"href":"https:\/\/andersen-walschleben.de\/index.php?rest_route=\/wp\/v2\/media\/1877"}],"wp:attachment":[{"href":"https:\/\/andersen-walschleben.de\/index.php?rest_route=%2Fwp%2Fv2%2Fmedia&parent=1882"}],"wp:term":[{"taxonomy":"category","embeddable":true,"href":"https:\/\/andersen-walschleben.de\/index.php?rest_route=%2Fwp%2Fv2%2Fcategories&post=1882"},{"taxonomy":"post_tag","embeddable":true,"href":"https:\/\/andersen-walschleben.de\/index.php?rest_route=%2Fwp%2Fv2%2Ftags&post=1882"},{"taxonomy":"author","embeddable":true,"href":"https:\/\/andersen-walschleben.de\/index.php?rest_route=%2Fwp%2Fv2%2Fppma_author&post=1882"}],"curies":[{"name":"wp","href":"https:\/\/api.w.org\/{rel}","templated":true}]}}