{"id":1488,"date":"2025-05-23T11:20:09","date_gmt":"2025-05-23T11:20:09","guid":{"rendered":"https:\/\/andersen-walschleben.de\/?p=1488"},"modified":"2025-05-23T11:26:35","modified_gmt":"2025-05-23T11:26:35","slug":"elementor-1488","status":"publish","type":"post","link":"https:\/\/andersen-walschleben.de\/?p=1488","title":{"rendered":"Exkursion zur Kalkm\u00fchle"},"content":{"rendered":"\t\t<div data-elementor-type=\"wp-post\" data-elementor-id=\"1488\" class=\"elementor elementor-1488\">\n\t\t\t\t<div class=\"elementor-element elementor-element-2dfb964 e-flex e-con-boxed e-con e-parent\" data-id=\"2dfb964\" data-element_type=\"container\" data-e-type=\"container\">\n\t\t\t\t\t<div class=\"e-con-inner\">\n\t\t\t\t<div class=\"elementor-element elementor-element-9e39833 elementor-widget elementor-widget-text-editor\" data-id=\"9e39833\" data-element_type=\"widget\" data-e-type=\"widget\" data-widget_type=\"text-editor.default\">\n\t\t\t\t<div class=\"elementor-widget-container\">\n\t\t\t\t\t\t\t\t\t<p>Am 16. Mai unternahm unsere Klasse (3b) eine Exkursion nach Elxleben. Im Heimatkundeunterricht hatten uns Ella und Michl bereits von einem bedeutenden Geb\u00e4ude aus der Vergangenheit ihres Heimatortes<span class=\"Apple-converted-space\">\u00a0 <\/span>Elxleben, der Kalkm\u00fchle, erz\u00e4hlt. Das machte uns neugierig und wir wollten gern mehr dar\u00fcber erfahren.<span class=\"Apple-converted-space\">\u00a0<\/span><\/p><p>In Elxleben erwartete uns schon Herr Voigtritter. Seiner Familie geh\u00f6rt die Kalkm\u00fchle. Wir wurden in zwei Gruppen eingeteilt. W\u00e4hrend sich die einen die Zeit mit Spielen vertrieb, begleitete die andere Gruppe Herrn Voigtritter durch die Kalkm\u00fchle. So erfuhren wir, dass die Kalkm\u00fchle mit ihren Schornsteinen fr\u00fcher das h\u00f6chste Geb\u00e4ude in Elxleben war. Hier wurde Kalkstein vermahlen und Gips f\u00fcr den Innenausbau von H\u00e4usern hergestellt. Wir sahen sogar noch alte S\u00e4cke, in die der \u201eElxleber Sparkalk\u201c abgef\u00fcllt wurde. Nachdem wir die 75 Stufen bis ganz nach oben hinaufgestiegen waren, hatten wir einen tollen Rundblick bis nach Witterda und sogar zum Ettersberg.<\/p><p>Vielen Dank an Herrn Voigtritter, der sich die Zeit nahm, um uns alles zu zeigen und zu erkl\u00e4ren. Wir haben durch ihn wieder ein St\u00fcck Heimatgeschichte erfahren.<\/p><p>Die Kinder der Klasse 3b<\/p>\t\t\t\t\t\t\t\t<\/div>\n\t\t\t\t<\/div>\n\t\t\t\t<div class=\"elementor-element elementor-element-9a70172 elementor-widget elementor-widget-image\" data-id=\"9a70172\" data-element_type=\"widget\" data-e-type=\"widget\" data-widget_type=\"image.default\">\n\t\t\t\t<div class=\"elementor-widget-container\">\n\t\t\t\t\t\t\t\t\t\t\t\t\t\t\t<img fetchpriority=\"high\" decoding=\"async\" width=\"832\" height=\"640\" src=\"https:\/\/andersen-walschleben.de\/wp-content\/uploads\/2025\/05\/62ca18ff-e5fb-433d-b8a1-50089f729ecc-e1747999306665-1024x788.jpeg\" class=\"attachment-large size-large wp-image-1495\" alt=\"\" srcset=\"https:\/\/andersen-walschleben.de\/wp-content\/uploads\/2025\/05\/62ca18ff-e5fb-433d-b8a1-50089f729ecc-e1747999306665-1024x788.jpeg 1024w, https:\/\/andersen-walschleben.de\/wp-content\/uploads\/2025\/05\/62ca18ff-e5fb-433d-b8a1-50089f729ecc-e1747999306665-300x231.jpeg 300w, https:\/\/andersen-walschleben.de\/wp-content\/uploads\/2025\/05\/62ca18ff-e5fb-433d-b8a1-50089f729ecc-e1747999306665-768x591.jpeg 768w, https:\/\/andersen-walschleben.de\/wp-content\/uploads\/2025\/05\/62ca18ff-e5fb-433d-b8a1-50089f729ecc-e1747999306665.jpeg 1200w\" sizes=\"(max-width: 832px) 100vw, 832px\" \/>\t\t\t\t\t\t\t\t\t\t\t\t\t\t\t<\/div>\n\t\t\t\t<\/div>\n\t\t\t\t<div class=\"elementor-element elementor-element-f16a9c3 elementor-widget elementor-widget-image\" data-id=\"f16a9c3\" data-element_type=\"widget\" data-e-type=\"widget\" data-widget_type=\"image.default\">\n\t\t\t\t<div class=\"elementor-widget-container\">\n\t\t\t\t\t\t\t\t\t\t\t\t\t\t\t<img decoding=\"async\" width=\"768\" height=\"1024\" src=\"https:\/\/andersen-walschleben.de\/wp-content\/uploads\/2025\/05\/bcf03ef2-4e9d-4594-bf2f-c539c2ef391e-768x1024.jpeg\" class=\"attachment-large size-large wp-image-1494\" alt=\"\" srcset=\"https:\/\/andersen-walschleben.de\/wp-content\/uploads\/2025\/05\/bcf03ef2-4e9d-4594-bf2f-c539c2ef391e-768x1024.jpeg 768w, https:\/\/andersen-walschleben.de\/wp-content\/uploads\/2025\/05\/bcf03ef2-4e9d-4594-bf2f-c539c2ef391e-225x300.jpeg 225w, https:\/\/andersen-walschleben.de\/wp-content\/uploads\/2025\/05\/bcf03ef2-4e9d-4594-bf2f-c539c2ef391e-1152x1536.jpeg 1152w, https:\/\/andersen-walschleben.de\/wp-content\/uploads\/2025\/05\/bcf03ef2-4e9d-4594-bf2f-c539c2ef391e.jpeg 1200w\" sizes=\"(max-width: 768px) 100vw, 768px\" \/>\t\t\t\t\t\t\t\t\t\t\t\t\t\t\t<\/div>\n\t\t\t\t<\/div>\n\t\t\t\t<div class=\"elementor-element elementor-element-5c02978 elementor-widget elementor-widget-image\" data-id=\"5c02978\" data-element_type=\"widget\" data-e-type=\"widget\" data-widget_type=\"image.default\">\n\t\t\t\t<div class=\"elementor-widget-container\">\n\t\t\t\t\t\t\t\t\t\t\t\t\t\t\t<img decoding=\"async\" width=\"768\" height=\"1024\" src=\"https:\/\/andersen-walschleben.de\/wp-content\/uploads\/2025\/05\/e9d6428f-fa89-4fdd-8def-95312f63c566-768x1024.jpeg\" class=\"attachment-large size-large wp-image-1496\" alt=\"\" srcset=\"https:\/\/andersen-walschleben.de\/wp-content\/uploads\/2025\/05\/e9d6428f-fa89-4fdd-8def-95312f63c566-768x1024.jpeg 768w, https:\/\/andersen-walschleben.de\/wp-content\/uploads\/2025\/05\/e9d6428f-fa89-4fdd-8def-95312f63c566-225x300.jpeg 225w, https:\/\/andersen-walschleben.de\/wp-content\/uploads\/2025\/05\/e9d6428f-fa89-4fdd-8def-95312f63c566-1152x1536.jpeg 1152w, https:\/\/andersen-walschleben.de\/wp-content\/uploads\/2025\/05\/e9d6428f-fa89-4fdd-8def-95312f63c566.jpeg 1200w\" sizes=\"(max-width: 768px) 100vw, 768px\" \/>\t\t\t\t\t\t\t\t\t\t\t\t\t\t\t<\/div>\n\t\t\t\t<\/div>\n\t\t\t\t\t<\/div>\n\t\t\t\t<\/div>\n\t\t\t\t<\/div>\n\t\t","protected":false},"excerpt":{"rendered":"<p>Am 16. Mai unternahm unsere Klasse (3b) eine Exkursion nach Elxleben. Im Heimatkundeunterricht hatten uns Ella und Michl bereits von einem bedeutenden Geb\u00e4ude aus der Vergangenheit ihres Heimatortes\u00a0 Elxleben, der Kalkm\u00fchle, erz\u00e4hlt. Das machte uns neugierig und wir wollten gern &hellip; <\/p>\n","protected":false},"author":3,"featured_media":1493,"comment_status":"closed","ping_status":"closed","sticky":false,"template":"","format":"standard","meta":{"footnotes":""},"categories":[1],"tags":[],"ppma_author":[6],"class_list":["post-1488","post","type-post","status-publish","format-standard","has-post-thumbnail","hentry","category-uncategorized"],"authors":[{"term_id":6,"user_id":3,"is_guest":0,"slug":"cleffler","display_name":"C.L.","avatar_url":"https:\/\/secure.gravatar.com\/avatar\/988666caf551da60a0779ed38b2a51b1599a8a22dcef5645c498d509df4514fd?s=96&d=mm&r=g","0":null,"1":"","2":"","3":"","4":"","5":"","6":"","7":"","8":""}],"_links":{"self":[{"href":"https:\/\/andersen-walschleben.de\/index.php?rest_route=\/wp\/v2\/posts\/1488","targetHints":{"allow":["GET"]}}],"collection":[{"href":"https:\/\/andersen-walschleben.de\/index.php?rest_route=\/wp\/v2\/posts"}],"about":[{"href":"https:\/\/andersen-walschleben.de\/index.php?rest_route=\/wp\/v2\/types\/post"}],"author":[{"embeddable":true,"href":"https:\/\/andersen-walschleben.de\/index.php?rest_route=\/wp\/v2\/users\/3"}],"replies":[{"embeddable":true,"href":"https:\/\/andersen-walschleben.de\/index.php?rest_route=%2Fwp%2Fv2%2Fcomments&post=1488"}],"version-history":[{"count":11,"href":"https:\/\/andersen-walschleben.de\/index.php?rest_route=\/wp\/v2\/posts\/1488\/revisions"}],"predecessor-version":[{"id":1503,"href":"https:\/\/andersen-walschleben.de\/index.php?rest_route=\/wp\/v2\/posts\/1488\/revisions\/1503"}],"wp:featuredmedia":[{"embeddable":true,"href":"https:\/\/andersen-walschleben.de\/index.php?rest_route=\/wp\/v2\/media\/1493"}],"wp:attachment":[{"href":"https:\/\/andersen-walschleben.de\/index.php?rest_route=%2Fwp%2Fv2%2Fmedia&parent=1488"}],"wp:term":[{"taxonomy":"category","embeddable":true,"href":"https:\/\/andersen-walschleben.de\/index.php?rest_route=%2Fwp%2Fv2%2Fcategories&post=1488"},{"taxonomy":"post_tag","embeddable":true,"href":"https:\/\/andersen-walschleben.de\/index.php?rest_route=%2Fwp%2Fv2%2Ftags&post=1488"},{"taxonomy":"author","embeddable":true,"href":"https:\/\/andersen-walschleben.de\/index.php?rest_route=%2Fwp%2Fv2%2Fppma_author&post=1488"}],"curies":[{"name":"wp","href":"https:\/\/api.w.org\/{rel}","templated":true}]}}